{"id":12342,"date":"2021-05-20T00:00:00","date_gmt":"2021-05-19T22:00:00","guid":{"rendered":"https:\/\/www.kurago.software\/blog\/unkategorisiert\/kurago-have-joined-the-european-diversity-charter\/"},"modified":"2023-12-12T12:04:50","modified_gmt":"2023-12-12T11:04:50","slug":"der-spirit-der-kurager-foerderung-der-inklusion-und-des-bewusstseins-fuer-chancengleichheit","status":"publish","type":"post","link":"https:\/\/kurago.software\/de\/blog\/kurago-updates\/der-spirit-der-kurager-foerderung-der-inklusion-und-des-bewusstseins-fuer-chancengleichheit\/","title":{"rendered":"Der Spirit der Kurager: F\u00f6rderung der Inklusion und des Bewusstseins f\u00fcr Chancengleichheit"},"content":{"rendered":"<style>.wp-block-kadence-advancedheading.kt-adv-heading12342_699769-bc, .wp-block-kadence-advancedheading.kt-adv-heading12342_699769-bc[data-kb-block=\"kb-adv-heading12342_699769-bc\"]{font-style:normal;}.wp-block-kadence-advancedheading.kt-adv-heading12342_699769-bc mark, .wp-block-kadence-advancedheading.kt-adv-heading12342_699769-bc[data-kb-block=\"kb-adv-heading12342_699769-bc\"] mark{font-style:normal;color:#f76a0c;padding-top:0px;padding-right:0px;padding-bottom:0px;padding-left:0px;}<\/style>\n<h2 class=\"kt-adv-heading12342_699769-bc post-intro wp-block-kadence-advancedheading\" data-kb-block=\"kb-adv-heading12342_699769-bc\"><strong>Aus diesem Grund haben wir uns der Europ\u00e4ischen Charta der Vielfalt angeschlossen.<\/strong><\/h2>\n\n\n\n<p>Inklusion und Vielf\u00e4ltigkeit sind gibt die Zukunft. Hier, bei Kurago, sind wir uns dessen im Klaren und haben die&nbsp;<a href=\"https:\/\/www.charta-der-vielfalt.de\/\" rel=\"nofollow noopener\" target=\"_blank\">Europ\u00e4ische Charta der Vielfalt<\/a>&nbsp;unterzeichnet, mit der wir unser Engagement f\u00fcr die F\u00f6rderung von Vielfalt und Integration am Arbeitsplatz deutlich machen wollen.<\/p>\n\n\n\n<p>Diese Verpflichtung ist durch 10 Prinzipien zur F\u00f6rderung des sozialen Fortschritts und der wirtschaftlichen Wettbewerbsf\u00e4higkeit, durch Bewusstseinsbildung, Forschung und Verbreitung ausgezeichnet. Zu diesen Grunds\u00e4tzen geh\u00f6rt die ausdr\u00fccklicheVerantwortung, das Bewusstsein f\u00fcr Chancengleichheit und die Achtung der Vielfalt aller Interessengruppen innerhalb eines Unternehmens zu sch\u00e4rfen. Besonderes Augenmerk legen wir auch auf die Vereinbarkeit von Beruf und Familie.<\/p>\n\n\n\n<p>Die F\u00f6rderung von Vielfalt erfordert ein permanentes Engagement, das bei Kurago allt\u00e4glich sichtbar wird. Wir glauben fest daran, dass Vielfalt als Grundpfeiler dient, um als Unternehmen wie auch als Gesellschaft im Allgemeinen weiter voranzuschreiten. Chancengleichheit, Vielfalt, Inklusion\u2026 all das bildet eine Gesellschaft, die in der Lage ist, weit mehr F\u00e4higkeiten und Wissen zu teilen und somit eine bessere Welt zu schaffen.<\/p>\n\n\n\n<p>Obwohl uns Kuragern dies bewusst ist, wollen wir nicht nur in unserem eigenen Umfeld aktiv werden, sondern diese \u00dcberzeugung auch mit anderen teilen um so zu einer gerechteren Gesellschaft beizutragen. Der Beitritt zu dieser Initiative macht einen weiteren Teil unseres Engagements sowie des Wunsches aus, die Welt um uns herum zu sensibilisieren und schlussendlich auch besser zu machen.<\/p>\n","protected":false},"excerpt":{"rendered":"<p>Aus diesem Grund haben wir die Europ\u00e4ische Charta der Vielfalt unterzeichnet, mit der wir unser Engagement f\u00fcr die F\u00f6rderung von Vielfalt und Integration zeigen.<\/p>\n","protected":false},"author":5,"featured_media":14219,"comment_status":"open","ping_status":"open","sticky":false,"template":"","format":"standard","meta":{"_eb_attr":"","_gspb_post_css":"","_kad_blocks_custom_css":"","_kad_blocks_head_custom_js":"","_kad_blocks_body_custom_js":"","_kad_blocks_footer_custom_js":"","_kad_post_transparent":"","_kad_post_title":"","_kad_post_layout":"","_kad_post_sidebar_id":"","_kad_post_content_style":"","_kad_post_vertical_padding":"","_kad_post_feature":"","_kad_post_feature_position":"","_kad_post_header":false,"_kad_post_footer":false,"footnotes":""},"categories":[3],"tags":[510,511,512,462],"taxonomy_info":{"category":[{"value":3,"label":"Kurago Updates"}],"post_tag":[{"value":510,"label":"diversity"},{"value":511,"label":"inclusi\u00f3n"},{"value":512,"label":"kurager spirit"},{"value":462,"label":"kuragers"}]},"featured_image_src_large":["https:\/\/kurago.software\/wp-content\/uploads\/2023\/07\/kurago-european-charter-diversity-2.png",1080,1080,false],"author_info":{"display_name":"Corporate Communication","author_link":"https:\/\/kurago.software\/de\/blog\/author\/corporate-communication\/"},"comment_info":0,"category_info":[{"term_id":3,"name":"Kurago Updates","slug":"kurago-updates","term_group":0,"term_taxonomy_id":3,"taxonomy":"category","description":"","parent":0,"count":18,"filter":"raw","cat_ID":3,"category_count":18,"category_description":"","cat_name":"Kurago Updates","category_nicename":"kurago-updates","category_parent":0}],"tag_info":[{"term_id":510,"name":"diversity","slug":"diversity-de","term_group":0,"term_taxonomy_id":510,"taxonomy":"post_tag","description":"","parent":0,"count":3,"filter":"raw"},{"term_id":511,"name":"inclusi\u00f3n","slug":"inclusion-de","term_group":0,"term_taxonomy_id":511,"taxonomy":"post_tag","description":"","parent":0,"count":3,"filter":"raw"},{"term_id":512,"name":"kurager spirit","slug":"kurager-spirit-de","term_group":0,"term_taxonomy_id":512,"taxonomy":"post_tag","description":"","parent":0,"count":2,"filter":"raw"},{"term_id":462,"name":"kuragers","slug":"kuragers-de","term_group":0,"term_taxonomy_id":462,"taxonomy":"post_tag","description":"","parent":0,"count":5,"filter":"raw"}],"_links":{"self":[{"href":"https:\/\/kurago.software\/de\/wp-json\/wp\/v2\/posts\/12342"}],"collection":[{"href":"https:\/\/kurago.software\/de\/wp-json\/wp\/v2\/posts"}],"about":[{"href":"https:\/\/kurago.software\/de\/wp-json\/wp\/v2\/types\/post"}],"author":[{"embeddable":true,"href":"https:\/\/kurago.software\/de\/wp-json\/wp\/v2\/users\/5"}],"replies":[{"embeddable":true,"href":"https:\/\/kurago.software\/de\/wp-json\/wp\/v2\/comments?post=12342"}],"version-history":[{"count":0,"href":"https:\/\/kurago.software\/de\/wp-json\/wp\/v2\/posts\/12342\/revisions"}],"wp:featuredmedia":[{"embeddable":true,"href":"https:\/\/kurago.software\/de\/wp-json\/wp\/v2\/media\/14219"}],"wp:attachment":[{"href":"https:\/\/kurago.software\/de\/wp-json\/wp\/v2\/media?parent=12342"}],"wp:term":[{"taxonomy":"category","embeddable":true,"href":"https:\/\/kurago.software\/de\/wp-json\/wp\/v2\/categories?post=12342"},{"taxonomy":"post_tag","embeddable":true,"href":"https:\/\/kurago.software\/de\/wp-json\/wp\/v2\/tags?post=12342"}],"curies":[{"name":"wp","href":"https:\/\/api.w.org\/{rel}","templated":true}]}}