{"id":12374,"date":"2021-02-18T00:00:00","date_gmt":"2021-02-17T23:00:00","guid":{"rendered":"https:\/\/www.kurago.software\/blog\/sin-categorizar\/the-kurager-spirit-is-to-collaborate-with-unicef-on-its-schools-for-africa-program\/"},"modified":"2023-10-16T10:23:13","modified_gmt":"2023-10-16T08:23:13","slug":"espiritu-kurager-es-colaborar-con-unicef-en-su-programa-escuelas-para-africa","status":"publish","type":"post","link":"https:\/\/kurago.software\/es\/blog\/kurago-updates\/espiritu-kurager-es-colaborar-con-unicef-en-su-programa-escuelas-para-africa\/","title":{"rendered":"Esp\u00edritu Kurager es colaborar con Unicef en su programa Escuelas para \u00c1frica"},"content":{"rendered":"<style>.wp-block-kadence-advancedheading.kt-adv-heading12374_1fb805-ec, .wp-block-kadence-advancedheading.kt-adv-heading12374_1fb805-ec[data-kb-block=\"kb-adv-heading12374_1fb805-ec\"]{font-style:normal;}.wp-block-kadence-advancedheading.kt-adv-heading12374_1fb805-ec mark, .wp-block-kadence-advancedheading.kt-adv-heading12374_1fb805-ec[data-kb-block=\"kb-adv-heading12374_1fb805-ec\"] mark{font-style:normal;color:#f76a0c;padding-top:0px;padding-right:0px;padding-bottom:0px;padding-left:0px;}<\/style>\n<h2 class=\"kt-adv-heading12374_1fb805-ec post-intro wp-block-kadence-advancedheading\" data-kb-block=\"kb-adv-heading12374_1fb805-ec\">El esp\u00edritu kurager va mucho m\u00e1s all\u00e1 de nuestro trabajo, es contribuir a mejorar el mundo en el que vivimos. Es por eso por lo que colaboramos con UNICEF en su proyecto de PYMES Amigas. El objetivo del programa es sensibilizar y movilizar recursos para favorecer la educaci\u00f3n de ni\u00f1os y ni\u00f1as a trav\u00e9s de la iniciativa global <a href=\"https:\/\/www.unicef.es\/colabora\/pymes-amigas\/escuelas-para-africa\" rel=\"nofollow noopener\" target=\"_blank\">Escuelas para \u00c1frica<\/a>.<\/h2>\n\n\n\n<p>Nos hemos unido a este proyecto porque creemos firmemente que la educaci\u00f3n es un pilar esencial para el desarrollo de las comunidades y queremos contribuir para que cada ni\u00f1o y ni\u00f1a tenga oportunidad de sacar el kurager que lleva dentro: que disponga de los recursos para ser emprendedor, creativo, y deje volar su imaginaci\u00f3n hasta donde quiera llegar.<\/p>\n\n\n\n<p>Constantemente tratamos de fomentar ese esp\u00edritu a nivel m\u00e1s local, pero somos una empresa consciente de que el mundo no se limita a nuestro entorno m\u00e1s cercano, es mucho m\u00e1s amplio y todos podemos influir para hacerlo cada d\u00eda mejor. Esta iniciativa nos permite aportar nuestro granito de arena para impulsar los valores que nos definen, m\u00e1s all\u00e1 de nuestras fronteras y ayudando a las personas que m\u00e1s lo necesitan.<\/p>\n\n\n\n<blockquote class=\"wp-block-quote\">\n<p>Nos hemos unido a este proyecto porque creemos firmemente que la educaci\u00f3n es un pilar esencial para el desarrollo de las comunidades y queremos contribuir para que cada ni\u00f1o y ni\u00f1a tenga oportunidad de sacar el kurager que lleva dentro<\/p>\n<\/blockquote>\n\n\n\n<p>Por eso hemos decidido que era el momento de ir m\u00e1s all\u00e1 y devolver a la sociedad parte de lo que generamos y hacerlo de manera m\u00e1s global, a trav\u00e9s de una instituci\u00f3n tan comprometida como UNICEF. La educaci\u00f3n, m\u00e1s all\u00e1 de ser un valor en el que creemos profundamente, es una cuesti\u00f3n fundamental incluida entre los Objetivos de Desarrollo Sostenible (ODS) de la Agenda 2030.<\/p>\n\n\n\n<p>Nuestra colaboraci\u00f3n no solo representa un compromiso con la educaci\u00f3n cara a futuro, sino que es esencial en el presente, para que los ni\u00f1os y las ni\u00f1as no solo puedan acceder a una educaci\u00f3n de calidad, sino que ellos y sus familias puedan mejorar su vida para poder crecer y hacer crecer sus comunidades.<\/p>\n","protected":false},"excerpt":{"rendered":"<p>El esp\u00edritu kurager es contribuir a mejorar lo que nos rodea. Nuestra colaboraci\u00f3n con el proyecto Escuelas para \u00c1frica es un ejemplo de ete compromiso.<\/p>\n","protected":false},"author":5,"featured_media":14215,"comment_status":"open","ping_status":"open","sticky":false,"template":"","format":"standard","meta":{"_eb_attr":"","_gspb_post_css":"","_kad_blocks_custom_css":"","_kad_blocks_head_custom_js":"","_kad_blocks_body_custom_js":"","_kad_blocks_footer_custom_js":"","_kad_post_transparent":"","_kad_post_title":"","_kad_post_layout":"","_kad_post_sidebar_id":"","_kad_post_content_style":"","_kad_post_vertical_padding":"","_kad_post_feature":"","_kad_post_feature_position":"","_kad_post_header":false,"_kad_post_footer":false,"footnotes":""},"categories":[2],"tags":[325,346,368],"taxonomy_info":{"category":[{"value":2,"label":"Kurago Updates"}],"post_tag":[{"value":325,"label":"ngo"},{"value":346,"label":"social responsability."},{"value":368,"label":"unicef"}]},"featured_image_src_large":["https:\/\/kurago.software\/wp-content\/uploads\/2023\/07\/UNICEF-KURAGO-PYME-amiga-1-2.png",884,723,false],"author_info":{"display_name":"Corporate Communication","author_link":"https:\/\/kurago.software\/es\/blog\/author\/corporate-communication\/"},"comment_info":0,"category_info":[{"term_id":2,"name":"Kurago Updates","slug":"kurago-updates","term_group":0,"term_taxonomy_id":2,"taxonomy":"category","description":"","parent":0,"count":20,"filter":"raw","cat_ID":2,"category_count":20,"category_description":"","cat_name":"Kurago Updates","category_nicename":"kurago-updates","category_parent":0}],"tag_info":[{"term_id":325,"name":"ngo","slug":"ngo-es","term_group":0,"term_taxonomy_id":325,"taxonomy":"post_tag","description":"","parent":0,"count":1,"filter":"raw"},{"term_id":346,"name":"social responsability.","slug":"social-responsability-es","term_group":0,"term_taxonomy_id":346,"taxonomy":"post_tag","description":"","parent":0,"count":2,"filter":"raw"},{"term_id":368,"name":"unicef","slug":"unicef-es","term_group":0,"term_taxonomy_id":368,"taxonomy":"post_tag","description":"","parent":0,"count":1,"filter":"raw"}],"_links":{"self":[{"href":"https:\/\/kurago.software\/es\/wp-json\/wp\/v2\/posts\/12374"}],"collection":[{"href":"https:\/\/kurago.software\/es\/wp-json\/wp\/v2\/posts"}],"about":[{"href":"https:\/\/kurago.software\/es\/wp-json\/wp\/v2\/types\/post"}],"author":[{"embeddable":true,"href":"https:\/\/kurago.software\/es\/wp-json\/wp\/v2\/users\/5"}],"replies":[{"embeddable":true,"href":"https:\/\/kurago.software\/es\/wp-json\/wp\/v2\/comments?post=12374"}],"version-history":[{"count":0,"href":"https:\/\/kurago.software\/es\/wp-json\/wp\/v2\/posts\/12374\/revisions"}],"wp:featuredmedia":[{"embeddable":true,"href":"https:\/\/kurago.software\/es\/wp-json\/wp\/v2\/media\/14215"}],"wp:attachment":[{"href":"https:\/\/kurago.software\/es\/wp-json\/wp\/v2\/media?parent=12374"}],"wp:term":[{"taxonomy":"category","embeddable":true,"href":"https:\/\/kurago.software\/es\/wp-json\/wp\/v2\/categories?post=12374"},{"taxonomy":"post_tag","embeddable":true,"href":"https:\/\/kurago.software\/es\/wp-json\/wp\/v2\/tags?post=12374"}],"curies":[{"name":"wp","href":"https:\/\/api.w.org\/{rel}","templated":true}]}}